{"id":422,"date":"2017-05-26T14:22:16","date_gmt":"2017-05-26T13:22:16","guid":{"rendered":"http:\/\/www.colegiovegasur.es\/blogs\/biblioteca\/?p=422"},"modified":"2017-05-26T14:23:06","modified_gmt":"2017-05-26T13:23:06","slug":"422","status":"publish","type":"post","link":"http:\/\/www.colegiovegasur.es\/blogs\/biblioteca\/2017\/05\/26\/422\/","title":{"rendered":"Novela \u00abAfricanus el hijo del C\u00f3nsul\u00bb."},"content":{"rendered":"<p>&nbsp;<\/p>\n<p>Hola a todos.<\/p>\n<p>Voy a hablaros de la primera de las novelas de una fant\u00e1stica trilog\u00eda de novela hist\u00f3rica que le\u00ed el verano pasado. Se trata de\u00a0<strong><em>Africanus el hijo del c\u00f3nsul<\/em><\/strong>, del escritor valenciano Santiago Posteguillo y que seguro que hab\u00e9is visto m\u00e1s de uno en las librer\u00edas.\u00a0<img loading=\"lazy\" decoding=\"async\" class=\"size-medium wp-image-423 aligncenter\" src=\"http:\/\/www.colegiovegasur.es\/blogs\/biblioteca\/wp-content\/uploads\/2017\/05\/africanus-204x300.jpg\" alt=\"\" width=\"204\" height=\"300\" \/><\/p>\n<p>Enmarcada en la \u00e9poca de expansi\u00f3n romana y de la mano de Escipi\u00f3n, uno de los mejores generales de la historia de Roma, Posteguillo narra de manera magistral la vida de los ciudadanos romanos, el d\u00eda a d\u00eda de sus ej\u00e9rcitos y las crueles campa\u00f1as militares de la antig\u00fcedad. Os dejo una peque\u00f1a sinopsis del libro:<\/p>\n<p>A finales del siglo III a. C., Roma se encontraba al borde de\u00a0 la destrucci\u00f3n total, a punto de ser aniquilada por los ej\u00e9rcitos cartagineses\u00a0 al mando de uno de los mejores estrategas militares de todos los tiempos:\u00a0 An\u00edbal. Su alianza con Filipo V de Macedonia, que pretend\u00eda la aniquilaci\u00f3n de\u00a0 Roma como Estado y el reparto del mundo conocido entre las potencias de Cartago y\u00a0 Macedonia, constitu\u00eda una fuerza imparable que, de haber conseguido sus\u00a0 objetivos, habr\u00eda determinado para siempre el devenir de Occidente. Pero el azar\u00a0 y la fortuna intervinieron para que las cosas fueran de otro modo. Pocos a\u00f1os\u00a0 antes del estallido del m\u00e1s cruento conflicto b\u00e9lico que se hubiera vivido en\u00a0 Roma, naci\u00f3 un ni\u00f1o que estaba destinado a cambiar el curso de la historia:\u00a0 Publio Cornelio Escipi\u00f3n.<\/p>\n<p>Creo que no hace falta mencionar que me encant\u00f3 la novela y que, nada m\u00e1s terminarla, comenc\u00e9 la siguiente\u00a0<em>Las legiones malditas<\/em>, y tras esta, la tercera y \u00faltima,\u00a0<em>La traici\u00f3n de Roma<\/em>.<\/p>\n<p>A parte de esta trilog\u00eda en la \u00e9poca del Senado Romano, Posteguillo ha escrito otra, recientemente terminada,\u00a0 en la \u00e9poca del Emperador Trajano, que tengo previsto empezar a leer este verano. Pero esa es otra historia que os contar\u00e9 m\u00e1s adelante.<\/p>\n<p>Alumnos de bachillerato y madres y padres del colegio Vegasur, queda hecha la recomendaci\u00f3n de estas novelas. En unos d\u00edas escribir\u00e9 la referencia de la segunda novela de esta saga, la anteriormente mencionada\u00a0<em>Las legiones malditas<\/em>.<\/p>\n<p>Saludos a todos y feliz lectura. Alberto.<\/p>\n<p>&nbsp;<\/p>\n","protected":false},"excerpt":{"rendered":"<p>&nbsp; Hola a todos. Voy a hablaros de la primera de las novelas de una fant\u00e1stica trilog\u00eda de novela hist\u00f3rica que le\u00ed el verano pasado. Se trata de\u00a0Africanus el hijo del c\u00f3nsul, del escritor valenciano Santiago Posteguillo y que seguro &hellip; <a href=\"http:\/\/www.colegiovegasur.es\/blogs\/biblioteca\/2017\/05\/26\/422\/\">Sigue leyendo <span class=\"meta-nav\">&rarr;<\/span><\/a><\/p>\n","protected":false},"author":1,"featured_media":0,"comment_status":"open","ping_status":"open","sticky":false,"template":"","format":"standard","meta":{"footnotes":""},"categories":[18,1,16],"tags":[9,8],"class_list":["post-422","post","type-post","status-publish","format-standard","hentry","category-autores","category-sin-categoria","category-novela-historica","tag-autores","tag-novela-historica"],"_links":{"self":[{"href":"http:\/\/www.colegiovegasur.es\/blogs\/biblioteca\/wp-json\/wp\/v2\/posts\/422","targetHints":{"allow":["GET"]}}],"collection":[{"href":"http:\/\/www.colegiovegasur.es\/blogs\/biblioteca\/wp-json\/wp\/v2\/posts"}],"about":[{"href":"http:\/\/www.colegiovegasur.es\/blogs\/biblioteca\/wp-json\/wp\/v2\/types\/post"}],"author":[{"embeddable":true,"href":"http:\/\/www.colegiovegasur.es\/blogs\/biblioteca\/wp-json\/wp\/v2\/users\/1"}],"replies":[{"embeddable":true,"href":"http:\/\/www.colegiovegasur.es\/blogs\/biblioteca\/wp-json\/wp\/v2\/comments?post=422"}],"version-history":[{"count":5,"href":"http:\/\/www.colegiovegasur.es\/blogs\/biblioteca\/wp-json\/wp\/v2\/posts\/422\/revisions"}],"predecessor-version":[{"id":428,"href":"http:\/\/www.colegiovegasur.es\/blogs\/biblioteca\/wp-json\/wp\/v2\/posts\/422\/revisions\/428"}],"wp:attachment":[{"href":"http:\/\/www.colegiovegasur.es\/blogs\/biblioteca\/wp-json\/wp\/v2\/media?parent=422"}],"wp:term":[{"taxonomy":"category","embeddable":true,"href":"http:\/\/www.colegiovegasur.es\/blogs\/biblioteca\/wp-json\/wp\/v2\/categories?post=422"},{"taxonomy":"post_tag","embeddable":true,"href":"http:\/\/www.colegiovegasur.es\/blogs\/biblioteca\/wp-json\/wp\/v2\/tags?post=422"}],"curies":[{"name":"wp","href":"https:\/\/api.w.org\/{rel}","templated":true}]}}