{"id":429,"date":"2017-05-29T13:15:22","date_gmt":"2017-05-29T12:15:22","guid":{"rendered":"http:\/\/www.colegiovegasur.es\/blogs\/biblioteca\/?p=429"},"modified":"2017-05-29T13:15:39","modified_gmt":"2017-05-29T12:15:39","slug":"james-y-el-melocoton-gigante-novela-juvenil","status":"publish","type":"post","link":"http:\/\/www.colegiovegasur.es\/blogs\/biblioteca\/2017\/05\/29\/james-y-el-melocoton-gigante-novela-juvenil\/","title":{"rendered":"James y el melocot\u00f3n gigante, novela juvenil disponible en biblioteca."},"content":{"rendered":"<p>Hola a todos,<\/p>\n<p>Hemos recibido hace una semana un ejemplar de una novela juvenil que le\u00ed en el plan lector de mi colegio y que ten\u00eda much\u00edsimas ganas de tener disponible para el pr\u00e9stamo en la biblioteca. Se trata de la fant\u00e1stica historia \u201cJames y el melocot\u00f3n gigante\u201d del grand\u00edsimo escritor gal\u00e9s Roald Dahl. La edici\u00f3n disponible es de Alfaguara Juvenil y tiene 178 p\u00e1ginas.<\/p>\n<p><img loading=\"lazy\" decoding=\"async\" class=\"size-medium wp-image-430 aligncenter\" src=\"http:\/\/www.colegiovegasur.es\/blogs\/biblioteca\/wp-content\/uploads\/2017\/05\/James-y-el-melocoton-gigante-180x300.jpg\" alt=\"\" width=\"180\" height=\"300\" \/><\/p>\n<p>Recuerdo perfectamente que me encant\u00f3 su lectura y que fue durante mucho tiempo uno de mis libros favoritos.<\/p>\n<p>James es un ni\u00f1o que se queda hu\u00e9rfano y se ve obligado a vivir con sus dos horribles t\u00edas. Pero una misteriosa poci\u00f3n cambia su vida por completo; una vida en la que no queda sitio para los castigos ni para la tristeza&#8230; todo gracias a la misteriosa aparici\u00f3n en el jard\u00edn de sus t\u00edas de un melocot\u00f3n gigante, el cual tiene un agujero. Bueno, m\u00e1s que un agujero es una puerta hacia el interior de un m\u00e1gico melocot\u00f3n&#8230;<\/p>\n<p>\u00bfOs atrev\u00e9is a acompa\u00f1ar a James al interior del melocot\u00f3n y vivir las aventuras junto a \u00e9l? Seguro que os divertir\u00e9is much\u00edsimo.<\/p>\n<p>Saludos y nos vemos en la biblioteca. Alberto.<\/p>\n","protected":false},"excerpt":{"rendered":"<p>Hola a todos, Hemos recibido hace una semana un ejemplar de una novela juvenil que le\u00ed en el plan lector de mi colegio y que ten\u00eda much\u00edsimas ganas de tener disponible para el pr\u00e9stamo en la biblioteca. Se trata de &hellip; <a href=\"http:\/\/www.colegiovegasur.es\/blogs\/biblioteca\/2017\/05\/29\/james-y-el-melocoton-gigante-novela-juvenil\/\">Sigue leyendo <span class=\"meta-nav\">&rarr;<\/span><\/a><\/p>\n","protected":false},"author":1,"featured_media":0,"comment_status":"open","ping_status":"open","sticky":false,"template":"","format":"standard","meta":{"footnotes":""},"categories":[1,22,13],"tags":[3,6],"class_list":["post-429","post","type-post","status-publish","format-standard","hentry","category-sin-categoria","category-literatura-fantastica","category-literatura-juvenil","tag-colegio-vegasur","tag-literatura-juvenil"],"_links":{"self":[{"href":"http:\/\/www.colegiovegasur.es\/blogs\/biblioteca\/wp-json\/wp\/v2\/posts\/429","targetHints":{"allow":["GET"]}}],"collection":[{"href":"http:\/\/www.colegiovegasur.es\/blogs\/biblioteca\/wp-json\/wp\/v2\/posts"}],"about":[{"href":"http:\/\/www.colegiovegasur.es\/blogs\/biblioteca\/wp-json\/wp\/v2\/types\/post"}],"author":[{"embeddable":true,"href":"http:\/\/www.colegiovegasur.es\/blogs\/biblioteca\/wp-json\/wp\/v2\/users\/1"}],"replies":[{"embeddable":true,"href":"http:\/\/www.colegiovegasur.es\/blogs\/biblioteca\/wp-json\/wp\/v2\/comments?post=429"}],"version-history":[{"count":2,"href":"http:\/\/www.colegiovegasur.es\/blogs\/biblioteca\/wp-json\/wp\/v2\/posts\/429\/revisions"}],"predecessor-version":[{"id":432,"href":"http:\/\/www.colegiovegasur.es\/blogs\/biblioteca\/wp-json\/wp\/v2\/posts\/429\/revisions\/432"}],"wp:attachment":[{"href":"http:\/\/www.colegiovegasur.es\/blogs\/biblioteca\/wp-json\/wp\/v2\/media?parent=429"}],"wp:term":[{"taxonomy":"category","embeddable":true,"href":"http:\/\/www.colegiovegasur.es\/blogs\/biblioteca\/wp-json\/wp\/v2\/categories?post=429"},{"taxonomy":"post_tag","embeddable":true,"href":"http:\/\/www.colegiovegasur.es\/blogs\/biblioteca\/wp-json\/wp\/v2\/tags?post=429"}],"curies":[{"name":"wp","href":"https:\/\/api.w.org\/{rel}","templated":true}]}}