{"id":468,"date":"2017-06-13T10:44:14","date_gmt":"2017-06-13T09:44:14","guid":{"rendered":"http:\/\/www.colegiovegasur.es\/blogs\/biblioteca\/?p=468"},"modified":"2017-06-13T10:44:14","modified_gmt":"2017-06-13T09:44:14","slug":"concurso-de-haikus-en-la-biblioteca-vegasur","status":"publish","type":"post","link":"http:\/\/www.colegiovegasur.es\/blogs\/biblioteca\/2017\/06\/13\/concurso-de-haikus-en-la-biblioteca-vegasur\/","title":{"rendered":"Concurso de Haikus en la biblioteca Vegasur."},"content":{"rendered":"<p>Hola a todos,<\/p>\n<p>Como recordar\u00e9is, hace unas semanas estuvimos viendo los Haikus, su origen, composici\u00f3n y tem\u00e1tica (tres versos de 5, 7 y 5 s\u00edlabas, con la emoci\u00f3n que le produce al poeta la contemplaci\u00f3n de la naturaleza y con referencias a las estaciones del a\u00f1o). Tambi\u00e9n coment\u00e9 que estaban previstas sesiones de creaci\u00f3n de haikus en la biblioteca y que posteriormente publicar\u00eda los mejores Haikus.<\/p>\n<p>La biblioteca se prepar\u00f3 para estos sesiones, con m\u00fasica relajante de sonidos de la naturaleza que hac\u00eda a los alumnos entrar en situaci\u00f3n y empezar a explicar de manera relajada la din\u00e1mica a realizar. Explicamos a los alumnos qu\u00e9 era un Haiku y despu\u00e9s le\u00edmos unos cuantos escritos por poetas japoneses, aunque su comprensi\u00f3n es dif\u00edcil, y otros escritos por m\u00ed, m\u00e1s sencillos.<\/p>\n<p>Pues bien, tengo que decir que la experiencia ha sido muy positiva, puesto que nuestros alumnos de 3\u00ba, 4\u00ba, 5\u00ba y 6\u00ba de Primaria han realizado sus haikus y no s\u00f3lo les ha encantado la experiencia sino que hemos descubierto grandes poetas.<\/p>\n<p>&nbsp;<\/p>\n<p>Os dejo una peque\u00f1a muestra de este gran trabajo:<\/p>\n<p>&nbsp;<\/p>\n<p>La nube flota<\/p>\n<p>al o\u00edr al ruise\u00f1or<\/p>\n<p>al amanecer.<\/p>\n<p>&nbsp;<\/p>\n<p>Al anochecer<\/p>\n<p>el grillo cantor salt\u00f3<\/p>\n<p>al o\u00edr una voz.<\/p>\n<p>&nbsp;<\/p>\n<p>El cielo azul<\/p>\n<p>la nube de tormenta<\/p>\n<p>me voy a mojar.<\/p>\n<p>&nbsp;<\/p>\n<p>La primavera<\/p>\n<p>sonr\u00ede todos los d\u00edas<\/p>\n<p>al amanecer.<\/p>\n<p>&nbsp;<\/p>\n<p>Las dulces flores<\/p>\n<p>brillan con la luz del sol<\/p>\n<p>en primavera.<\/p>\n<p>&nbsp;<\/p>\n<p>El c\u00e1lido sol<\/p>\n<p>llena con su bella luz<\/p>\n<p>su bella alma.<\/p>\n<p>&nbsp;<\/p>\n<p>La azucena<\/p>\n<p>como el color blanco<\/p>\n<p>de la luna llena.<\/p>\n<p>&nbsp;<\/p>\n<p>Las bellas flores<\/p>\n<p>cubren con sus colores<\/p>\n<p>la primavera.<\/p>\n<p>&nbsp;<\/p>\n<p>La miel dorada<\/p>\n<p>que endulce tus ojos<\/p>\n<p>brilla mi alma.<\/p>\n<p>&nbsp;<\/p>\n<p>Con este calor<\/p>\n<p>me sumerjo en el mar<\/p>\n<p>con mis amigos.<\/p>\n<p>&nbsp;<\/p>\n<p>Rozando hojas<\/p>\n<p>el viento en la cara<\/p>\n<p>\u00e1rboles ca\u00eddos.<\/p>\n<p>&nbsp;<\/p>\n<p>El pavo real<\/p>\n<p>abre las alas para volar<\/p>\n<p>y enamorar.<\/p>\n<p>&nbsp;<\/p>\n<p>Las hojas verdes<\/p>\n<p>nacen ya en primavera<\/p>\n<p>por verte andar.<\/p>\n<p>&nbsp;<\/p>\n<p>Saludos a todos y nos vemos en la biblioteca.<\/p>\n<p>Alberto.<\/p>\n","protected":false},"excerpt":{"rendered":"<p>Hola a todos, Como recordar\u00e9is, hace unas semanas estuvimos viendo los Haikus, su origen, composici\u00f3n y tem\u00e1tica (tres versos de 5, 7 y 5 s\u00edlabas, con la emoci\u00f3n que le produce al poeta la contemplaci\u00f3n de la naturaleza y con &hellip; <a href=\"http:\/\/www.colegiovegasur.es\/blogs\/biblioteca\/2017\/06\/13\/concurso-de-haikus-en-la-biblioteca-vegasur\/\">Sigue leyendo <span class=\"meta-nav\">&rarr;<\/span><\/a><\/p>\n","protected":false},"author":1,"featured_media":0,"comment_status":"open","ping_status":"open","sticky":false,"template":"","format":"standard","meta":{"footnotes":""},"categories":[19,34,31],"tags":[2,35,32],"class_list":["post-468","post","type-post","status-publish","format-standard","hentry","category-animacion-a-la-lectura","category-poesia","category-trabajos-de-los-alumnos","tag-animacion-a-la-lectura","tag-poesia","tag-trabajos-de-los-alumnos"],"_links":{"self":[{"href":"http:\/\/www.colegiovegasur.es\/blogs\/biblioteca\/wp-json\/wp\/v2\/posts\/468","targetHints":{"allow":["GET"]}}],"collection":[{"href":"http:\/\/www.colegiovegasur.es\/blogs\/biblioteca\/wp-json\/wp\/v2\/posts"}],"about":[{"href":"http:\/\/www.colegiovegasur.es\/blogs\/biblioteca\/wp-json\/wp\/v2\/types\/post"}],"author":[{"embeddable":true,"href":"http:\/\/www.colegiovegasur.es\/blogs\/biblioteca\/wp-json\/wp\/v2\/users\/1"}],"replies":[{"embeddable":true,"href":"http:\/\/www.colegiovegasur.es\/blogs\/biblioteca\/wp-json\/wp\/v2\/comments?post=468"}],"version-history":[{"count":1,"href":"http:\/\/www.colegiovegasur.es\/blogs\/biblioteca\/wp-json\/wp\/v2\/posts\/468\/revisions"}],"predecessor-version":[{"id":469,"href":"http:\/\/www.colegiovegasur.es\/blogs\/biblioteca\/wp-json\/wp\/v2\/posts\/468\/revisions\/469"}],"wp:attachment":[{"href":"http:\/\/www.colegiovegasur.es\/blogs\/biblioteca\/wp-json\/wp\/v2\/media?parent=468"}],"wp:term":[{"taxonomy":"category","embeddable":true,"href":"http:\/\/www.colegiovegasur.es\/blogs\/biblioteca\/wp-json\/wp\/v2\/categories?post=468"},{"taxonomy":"post_tag","embeddable":true,"href":"http:\/\/www.colegiovegasur.es\/blogs\/biblioteca\/wp-json\/wp\/v2\/tags?post=468"}],"curies":[{"name":"wp","href":"https:\/\/api.w.org\/{rel}","templated":true}]}}