{"id":865,"date":"2019-06-21T10:39:19","date_gmt":"2019-06-21T09:39:19","guid":{"rendered":"http:\/\/www.colegiovegasur.es\/blogs\/biblioteca\/?p=865"},"modified":"2019-06-21T13:56:39","modified_gmt":"2019-06-21T12:56:39","slug":"final-de-curso-y-lecturas-de-verano","status":"publish","type":"post","link":"http:\/\/www.colegiovegasur.es\/blogs\/biblioteca\/2019\/06\/21\/final-de-curso-y-lecturas-de-verano\/","title":{"rendered":"Final de curso y lecturas de verano"},"content":{"rendered":"<p>Hola a todos.<\/p>\n<p>En el \u00faltimo d\u00eda de colegio quiero dar las gracias a todos los ni\u00f1os y ni\u00f1as por la implicaci\u00f3n en las sesiones de biblioteca, as\u00ed como a las mam\u00e1s y los pap\u00e1s, que se esfuerzan a diario para que a sus hijos e hijas les pique el gusanillo de la lectura, un gusanillo que una vez nos pica, se queda para siempre.<\/p>\n<p>Por supuesto, tambi\u00e9n quiero dar las gracias a mis compa\u00f1eros docentes de todas las etapas, as\u00ed como a las jefaturas de estudio y direcci\u00f3n, que hacen que mi labor sea m\u00e1s f\u00e1cil. El trabajo del d\u00eda a d\u00eda de todos se ve recompensado con creces.<\/p>\n<p>Por \u00faltimo, s\u00f3lo pedir que anim\u00e9is a los alumnos a que lean en verano. A ver si con un poco de suerte rellenan el pasaporte lector con un mont\u00f3n de libros, c\u00f3mics y cuentos.<\/p>\n<p>Muchas gracias por todo, que pas\u00e9is un buen verano y nos vemos en septiembre con muchas ganas en la biblioteca.<\/p>\n<p>Alberto.<\/p>\n","protected":false},"excerpt":{"rendered":"<p>Hola a todos. En el \u00faltimo d\u00eda de colegio quiero dar las gracias a todos los ni\u00f1os y ni\u00f1as por la implicaci\u00f3n en las sesiones de biblioteca, as\u00ed como a las mam\u00e1s y los pap\u00e1s, que se esfuerzan a diario &hellip; <a href=\"http:\/\/www.colegiovegasur.es\/blogs\/biblioteca\/2019\/06\/21\/final-de-curso-y-lecturas-de-verano\/\">Sigue leyendo <span class=\"meta-nav\">&rarr;<\/span><\/a><\/p>\n","protected":false},"author":1,"featured_media":0,"comment_status":"open","ping_status":"open","sticky":false,"template":"","format":"standard","meta":{"footnotes":""},"categories":[1],"tags":[3],"class_list":["post-865","post","type-post","status-publish","format-standard","hentry","category-sin-categoria","tag-colegio-vegasur"],"_links":{"self":[{"href":"http:\/\/www.colegiovegasur.es\/blogs\/biblioteca\/wp-json\/wp\/v2\/posts\/865","targetHints":{"allow":["GET"]}}],"collection":[{"href":"http:\/\/www.colegiovegasur.es\/blogs\/biblioteca\/wp-json\/wp\/v2\/posts"}],"about":[{"href":"http:\/\/www.colegiovegasur.es\/blogs\/biblioteca\/wp-json\/wp\/v2\/types\/post"}],"author":[{"embeddable":true,"href":"http:\/\/www.colegiovegasur.es\/blogs\/biblioteca\/wp-json\/wp\/v2\/users\/1"}],"replies":[{"embeddable":true,"href":"http:\/\/www.colegiovegasur.es\/blogs\/biblioteca\/wp-json\/wp\/v2\/comments?post=865"}],"version-history":[{"count":1,"href":"http:\/\/www.colegiovegasur.es\/blogs\/biblioteca\/wp-json\/wp\/v2\/posts\/865\/revisions"}],"predecessor-version":[{"id":866,"href":"http:\/\/www.colegiovegasur.es\/blogs\/biblioteca\/wp-json\/wp\/v2\/posts\/865\/revisions\/866"}],"wp:attachment":[{"href":"http:\/\/www.colegiovegasur.es\/blogs\/biblioteca\/wp-json\/wp\/v2\/media?parent=865"}],"wp:term":[{"taxonomy":"category","embeddable":true,"href":"http:\/\/www.colegiovegasur.es\/blogs\/biblioteca\/wp-json\/wp\/v2\/categories?post=865"},{"taxonomy":"post_tag","embeddable":true,"href":"http:\/\/www.colegiovegasur.es\/blogs\/biblioteca\/wp-json\/wp\/v2\/tags?post=865"}],"curies":[{"name":"wp","href":"https:\/\/api.w.org\/{rel}","templated":true}]}}